{"id":14699,"__str__":"REQUERIMENTO n\u00ba 805 de 2020","metadata":{},"numero":805,"ano":2020,"numero_protocolo":6975,"data_apresentacao":"2020-06-12","tipo_apresentacao":"","data_publicacao":null,"numero_origem_externa":"","ano_origem_externa":null,"data_origem_externa":null,"apelido":"","dias_prazo":null,"data_fim_prazo":null,"em_tramitacao":false,"polemica":null,"objeto":"","complementar":null,"ementa":"Apelo \u00e0 Excelent\u00edssima Senhora Raquel Lyra, Prefeita do Munic\u00edpio, extensivo ao senhor Bruno de Fran\u00e7a Bezerra dos Santos, Secret\u00e1rio de Sustentabilidade e Desenvolvimento Rural, no sentido de viabilizar a Capina\u00e7\u00e3o da estrada que liga a Vila de Lajes de Z\u00e9 de N\u00e9 \u00e0 Vila de Jacar\u00e9 Grande.","indexacao":"","observacao":"","resultado":"","texto_original":"http://sapl.caruaru.pe.leg.br/media/sapl/public/materialegislativa/2020/14699/req._capinacao_vila_a_jacare_grande-1_1.pdf","data_ultima_atualizacao":"2021-02-06T11:42:51.467991-03:00","ip":"","ultima_edicao":null,"tipo":1,"regime_tramitacao":1,"tipo_origem_externa":null,"local_origem_externa":null,"user":null,"anexadas":[],"autores":[19]}