{"id":14705,"__str__":"REQUERIMENTO n\u00ba 810 de 2020","metadata":{},"numero":810,"ano":2020,"numero_protocolo":6981,"data_apresentacao":"2020-06-12","tipo_apresentacao":"","data_publicacao":null,"numero_origem_externa":"","ano_origem_externa":null,"data_origem_externa":null,"apelido":"","dias_prazo":null,"data_fim_prazo":null,"em_tramitacao":false,"polemica":null,"objeto":"","complementar":null,"ementa":"REQUERIMENTO - ANTEPROJETO - CONCEDE PENS\u00c3O ESPECIAL COMPLEMENTAR AOS DEPENDENTES DOS SERVIDORES P\u00daBLICOS EFETIVOS, DA \u00c1REA DE SA\u00daDE, QUE VENHAM A FALECER NO EXERC\u00cdCIO DAS SUAS ATIVIDADES ESSENCIAIS E PRESENCIAIS DE ENFRENTAMENTO \u00c0 PANDEMIA DA COVID-19.","indexacao":"","observacao":"","resultado":"","texto_original":"http://sapl.caruaru.pe.leg.br/media/sapl/public/materialegislativa/2020/14705/anteprojeto-pensao_especial_covid19_ass5.pdf","data_ultima_atualizacao":"2021-02-06T11:42:52.805636-03:00","ip":"","ultima_edicao":null,"tipo":1,"regime_tramitacao":1,"tipo_origem_externa":null,"local_origem_externa":null,"user":null,"anexadas":[],"autores":[30]}