{"id":14861,"__str__":"REQUERIMENTO n\u00ba 900 de 2020","metadata":{},"numero":900,"ano":2020,"numero_protocolo":7131,"data_apresentacao":"2020-06-30","tipo_apresentacao":"","data_publicacao":null,"numero_origem_externa":"","ano_origem_externa":null,"data_origem_externa":null,"apelido":"","dias_prazo":null,"data_fim_prazo":null,"em_tramitacao":false,"polemica":null,"objeto":"","complementar":null,"ementa":"Requer a revitaliza\u00e7\u00e3o da Pra\u00e7a localizada entre as Ruas S\u00e3o Mateus e Pe. Jos\u00e9 Augusto, no Bairro S\u00e3o Francisco.","indexacao":"","observacao":"","resultado":"","texto_original":"http://sapl.caruaru.pe.leg.br/media/sapl/public/materialegislativa/2020/14861/requerimento_-_revitalizacao_-_praca.pdf","data_ultima_atualizacao":"2021-02-06T11:45:08.416672-03:00","ip":"170.79.123.205","ultima_edicao":"2020-06-30T12:11:25.804106-03:00","tipo":1,"regime_tramitacao":1,"tipo_origem_externa":null,"local_origem_externa":null,"user":77,"anexadas":[],"autores":[23]}