{"id":1491,"__str__":"REQUERIMENTO n\u00ba 2098 de 2017","metadata":{},"numero":2098,"ano":2017,"numero_protocolo":413,"data_apresentacao":"2017-08-22","tipo_apresentacao":"","data_publicacao":null,"numero_origem_externa":"","ano_origem_externa":null,"data_origem_externa":null,"apelido":"","dias_prazo":null,"data_fim_prazo":null,"em_tramitacao":false,"polemica":null,"objeto":"","complementar":null,"ementa":"REQUER A REALIZA\u00c7\u00c3O DE SERVI\u00c7OS DE REQUALIFICA\u00c7\u00c3O DE PAVIMENTA\u00c7\u00c3O E PINTURA DO MEIO-FIO DA RUA DR\u00ba CL\u00d3VIS SILVA MENDES, DA AVENIDA JOS\u00c9 SILVA NEVES E ADJAC\u00caNCIAS A ESTAS, LOCALIZADAS NA VILA DE TERRA VERMELHA","indexacao":"","observacao":"","resultado":"","texto_original":"http://sapl.caruaru.pe.leg.br/media/sapl/public/materialegislativa/2017/1491/req.-vecfcmc-req.-de-cal-.-da-rua-dr-cloves-s.-_PK9vigQ.pdf","data_ultima_atualizacao":"2021-02-05T21:17:45.272639-03:00","ip":"","ultima_edicao":null,"tipo":1,"regime_tramitacao":1,"tipo_origem_externa":null,"local_origem_externa":null,"user":null,"anexadas":[],"autores":[16]}