{"id":14963,"__str__":"REQUERIMENTO n\u00ba 930 de 2020","metadata":{},"numero":930,"ano":2020,"numero_protocolo":7228,"data_apresentacao":"2020-07-09","tipo_apresentacao":"","data_publicacao":null,"numero_origem_externa":"","ano_origem_externa":null,"data_origem_externa":null,"apelido":"","dias_prazo":null,"data_fim_prazo":null,"em_tramitacao":false,"polemica":null,"objeto":"","complementar":null,"ementa":"Requer que realize um servi\u00e7o de restaura\u00e7\u00e3o da galeria e parte da cal\u00e7ada da Av. C\u00edcero Jos\u00e9 Dutra, Bairro Petr\u00f3polis, nesta cidade.","indexacao":"","observacao":"","resultado":"","texto_original":"http://sapl.caruaru.pe.leg.br/media/sapl/public/materialegislativa/2020/14963/requerimento_-__raquel_restauracao__galeria_e_calcada_av._cicero_jose_dutra.pdf","data_ultima_atualizacao":"2021-02-06T11:45:16.368993-03:00","ip":"","ultima_edicao":null,"tipo":1,"regime_tramitacao":1,"tipo_origem_externa":null,"local_origem_externa":null,"user":null,"anexadas":[],"autores":[16]}