{"id":15412,"__str__":"REQUERIMENTO n\u00ba 1055 de 2020","metadata":{},"numero":1055,"ano":2020,"numero_protocolo":7667,"data_apresentacao":"2020-07-30","tipo_apresentacao":"","data_publicacao":null,"numero_origem_externa":"","ano_origem_externa":null,"data_origem_externa":null,"apelido":"","dias_prazo":null,"data_fim_prazo":null,"em_tramitacao":false,"polemica":null,"objeto":"","complementar":null,"ementa":"Requer-se formaliza\u00e7\u00e3o da Semana Municipal da Ado\u00e7\u00e3o em Caruaru","indexacao":"","observacao":"","resultado":"","texto_original":"http://sapl.caruaru.pe.leg.br/media/sapl/public/materialegislativa/2020/15412/62_-_semana__da_adocao.pdf","data_ultima_atualizacao":"2021-02-06T11:47:21.963645-03:00","ip":"","ultima_edicao":null,"tipo":1,"regime_tramitacao":1,"tipo_origem_externa":null,"local_origem_externa":null,"user":null,"anexadas":[],"autores":[12]}