{"id":1575,"__str__":"PROJETO DE EMENDA ORGANIZACIONAL n\u00ba 33 de 2017","metadata":{},"numero":33,"ano":2017,"numero_protocolo":498,"data_apresentacao":"2017-08-24","tipo_apresentacao":"","data_publicacao":null,"numero_origem_externa":"","ano_origem_externa":null,"data_origem_externa":null,"apelido":"","dias_prazo":null,"data_fim_prazo":null,"em_tramitacao":true,"polemica":null,"objeto":"","complementar":null,"ementa":"Acrescenta ao Cap\u00edtulo II \u2013 Do Or\u00e7amento, a Lei Org\u00e2nica Municipal, como Medida Impositiva, o Art. 94-A, para tornar obrigat\u00f3ria a execu\u00e7\u00e3o da programa\u00e7\u00e3o or\u00e7ament\u00e1ria, e d\u00e1 outras provid\u00eancias.","indexacao":"","observacao":"","resultado":"","texto_original":"http://sapl.caruaru.pe.leg.br/media/sapl/public/materialegislativa/2017/1575/proposta-de-emenda-organizacional-vecf-cmc-2017.pdf","data_ultima_atualizacao":"2017-10-26T22:29:11.539272-03:00","ip":"","ultima_edicao":null,"tipo":11,"regime_tramitacao":1,"tipo_origem_externa":null,"local_origem_externa":null,"user":null,"anexadas":[2498,2499],"autores":[16]}