{"id":1578,"__str__":"REQUERIMENTO n\u00ba 2146 de 2017","metadata":{},"numero":2146,"ano":2017,"numero_protocolo":501,"data_apresentacao":"2017-08-24","tipo_apresentacao":"","data_publicacao":null,"numero_origem_externa":"","ano_origem_externa":null,"data_origem_externa":null,"apelido":"","dias_prazo":null,"data_fim_prazo":null,"em_tramitacao":false,"polemica":null,"objeto":"","complementar":null,"ementa":"REQUER QUE SE ESTUDE A POSSIBILIDADE DE REALIZAR A TRANSFER\u00caNCIA DA FEIRA DA SULANCA COM A CELERIDADE NECESS\u00c1RIA, CRIANDO E TORNANDO P\u00daBLICO UM CALEND\u00c1RIO ESPEC\u00cdFICO QUE TRATE DESTE TEMA","indexacao":"","observacao":"","resultado":"","texto_original":"http://sapl.caruaru.pe.leg.br/media/sapl/public/materialegislativa/2017/1578/req.vecfcmc-transfer-ncia-da-feira-da-sulanca-e_2KnKevS.pdf","data_ultima_atualizacao":"2018-06-19T09:04:47.268389-03:00","ip":"","ultima_edicao":null,"tipo":1,"regime_tramitacao":1,"tipo_origem_externa":null,"local_origem_externa":null,"user":null,"anexadas":[],"autores":[16]}