{"id":16001,"__str__":"REQUERIMENTO n\u00ba 1242 de 2020","metadata":{},"numero":1242,"ano":2020,"numero_protocolo":8235,"data_apresentacao":"2020-09-29","tipo_apresentacao":"","data_publicacao":null,"numero_origem_externa":"","ano_origem_externa":null,"data_origem_externa":null,"apelido":"","dias_prazo":null,"data_fim_prazo":null,"em_tramitacao":false,"polemica":null,"objeto":"","complementar":null,"ementa":"Requer-se que seja implantado um Ambulat\u00f3rio Multiprofissional Especializado (AME) para atendimento \u00e0 crian\u00e7as com defici\u00eancia.","indexacao":"","observacao":"","resultado":"","texto_original":"http://sapl.caruaru.pe.leg.br/media/sapl/public/materialegislativa/2020/16001/74_-_ame_para_criancas_deficientes.docx.pdf","data_ultima_atualizacao":"2021-02-06T11:50:06.698070-03:00","ip":"","ultima_edicao":null,"tipo":1,"regime_tramitacao":1,"tipo_origem_externa":null,"local_origem_externa":null,"user":null,"anexadas":[],"autores":[12]}