{"id":16382,"__str__":"REQUERIMENTO n\u00ba 111 de 2021","metadata":{},"numero":111,"ano":2021,"numero_protocolo":133,"data_apresentacao":"2021-01-14","tipo_apresentacao":"","data_publicacao":null,"numero_origem_externa":"","ano_origem_externa":null,"data_origem_externa":null,"apelido":"","dias_prazo":null,"data_fim_prazo":null,"em_tramitacao":false,"polemica":null,"objeto":"","complementar":null,"ementa":"Implanta\u00e7\u00e3o de ilumina\u00e7\u00e3o p\u00fablica na via p\u00fablica principal que liga a BR-232, S\u00edtio Alecrim, S\u00edtio Logradouro at\u00e9 \u00e0 Vila Peladas \u2013 1\u00ba Distrito de Caruaru.","indexacao":"","observacao":"","resultado":"","texto_original":"http://sapl.caruaru.pe.leg.br/media/sapl/public/materialegislativa/2021/16382/requerimento_-_iluminacao_publica_-_vila_peladas.pdf","data_ultima_atualizacao":"2021-01-28T11:53:46.691065-03:00","ip":"","ultima_edicao":null,"tipo":1,"regime_tramitacao":1,"tipo_origem_externa":null,"local_origem_externa":null,"user":null,"anexadas":[],"autores":[23]}