{"id":1684,"__str__":"REQUERIMENTO n\u00ba 2223 de 2017","metadata":{},"numero":2223,"ano":2017,"numero_protocolo":605,"data_apresentacao":"2017-09-04","tipo_apresentacao":"","data_publicacao":null,"numero_origem_externa":"","ano_origem_externa":null,"data_origem_externa":null,"apelido":"","dias_prazo":null,"data_fim_prazo":null,"em_tramitacao":false,"polemica":null,"objeto":"","complementar":null,"ementa":"Audi\u00eancia p\u00fablica, a fim de debater a presen\u00e7a de\r\npsic\u00f3logos nas escolas p\u00fablicas e particulares do nosso munic\u00edpio e que as mesmas\r\ntenham pol\u00edticas p\u00fablicas para combater a depress\u00e3o, como forma de prevenir o\r\nsuic\u00eddio.","indexacao":"","observacao":"","resultado":"","texto_original":"http://sapl.caruaru.pe.leg.br/media/sapl/public/materialegislativa/2017/1684/requerimento.pdf","data_ultima_atualizacao":"2021-02-05T21:20:16.847144-03:00","ip":"","ultima_edicao":null,"tipo":1,"regime_tramitacao":1,"tipo_origem_externa":null,"local_origem_externa":null,"user":null,"anexadas":[],"autores":[23]}