{"id":16845,"__str__":"REQUERIMENTO n\u00ba 487 de 2021","metadata":{},"numero":487,"ano":2021,"numero_protocolo":588,"data_apresentacao":"2021-02-02","tipo_apresentacao":"","data_publicacao":null,"numero_origem_externa":"","ano_origem_externa":null,"data_origem_externa":null,"apelido":"","dias_prazo":null,"data_fim_prazo":null,"em_tramitacao":false,"polemica":null,"objeto":"","complementar":null,"ementa":"Viabilizem a amplia\u00e7\u00e3o do quadro de Neuropediatras no sistema p\u00fablico de sa\u00fade municipal, garantindo assim o diagn\u00f3stico precoce do Transtorno do Espectro Autista.","indexacao":"","observacao":"","resultado":"","texto_original":"http://sapl.caruaru.pe.leg.br/media/sapl/public/materialegislativa/2021/16845/requerimento__neuropediatras.pdf","data_ultima_atualizacao":"2021-02-11T11:41:55.316424-03:00","ip":"","ultima_edicao":null,"tipo":1,"regime_tramitacao":1,"tipo_origem_externa":null,"local_origem_externa":null,"user":null,"anexadas":[],"autores":[18]}