{"id":17037,"__str__":"PROJETO DE LEI n\u00ba 8786 de 2021","metadata":{},"numero":8786,"ano":2021,"numero_protocolo":768,"data_apresentacao":"2021-02-09","tipo_apresentacao":"","data_publicacao":null,"numero_origem_externa":"","ano_origem_externa":null,"data_origem_externa":null,"apelido":"","dias_prazo":null,"data_fim_prazo":null,"em_tramitacao":false,"polemica":null,"objeto":"","complementar":null,"ementa":"Institui a \u201cSemana de Conscientiza\u00e7\u00e3o Sobre a Inclus\u00e3o Social das Pessoas com \u201cDefici\u00eancia durante o m\u00eas de agosto\u201d.","indexacao":"","observacao":"","resultado":"","texto_original":"http://sapl.caruaru.pe.leg.br/media/sapl/public/materialegislativa/2021/17037/projeto_de_lei__institui_a_semana_de_conscientizacao_sobre_pessoas_com_deficiencia.pdf","data_ultima_atualizacao":"2021-07-06T17:08:22.117777-03:00","ip":"","ultima_edicao":null,"tipo":3,"regime_tramitacao":1,"tipo_origem_externa":null,"local_origem_externa":null,"user":null,"anexadas":[19053],"autores":[109]}