{"id":1729,"__str__":"REQUERIMENTO n\u00ba 2252 de 2017","metadata":{},"numero":2252,"ano":2017,"numero_protocolo":647,"data_apresentacao":"2017-09-05","tipo_apresentacao":"","data_publicacao":null,"numero_origem_externa":"","ano_origem_externa":null,"data_origem_externa":null,"apelido":"","dias_prazo":null,"data_fim_prazo":null,"em_tramitacao":false,"polemica":null,"objeto":"","complementar":null,"ementa":"PARA A REALIZA\u00c7\u00c3O DE UMA AUDI\u00caNCIA P\u00daBLICA, PARA SE DISCUTIR NESTA CASA LEGISLATIVA, A PRIVATIZA\u00c7\u00c3O DA CHESF, CONVIDANDO PARA ISSO, OS INTEGRANTES DA FRENTE PARLAMENTAR EM DEFESA DA CHESF DA ALEPE E DA C\u00c2MARA FEDERAL.","indexacao":"","observacao":"","resultado":"","texto_original":"http://sapl.caruaru.pe.leg.br/media/sapl/public/materialegislativa/2017/1729/requerimento-2017-audi-ncia-p-blica-privatiza-o_DPJ5FWj.pdf","data_ultima_atualizacao":"2021-02-05T21:20:24.689915-03:00","ip":"","ultima_edicao":null,"tipo":1,"regime_tramitacao":1,"tipo_origem_externa":null,"local_origem_externa":null,"user":null,"anexadas":[],"autores":[24]}