{"id":1738,"__str__":"REQUERIMENTO n\u00ba 2257 de 2017","metadata":{},"numero":2257,"ano":2017,"numero_protocolo":656,"data_apresentacao":"2017-09-11","tipo_apresentacao":"","data_publicacao":null,"numero_origem_externa":"","ano_origem_externa":null,"data_origem_externa":null,"apelido":"","dias_prazo":null,"data_fim_prazo":null,"em_tramitacao":false,"polemica":null,"objeto":"","complementar":null,"ementa":"Para que viabilizem a capina\u00e7\u00e3o, pintura de faixas de seguran\u00e7a de pedestres, lombadas da Avenida C\u00edcero Jos\u00e9 Dutra, mais conhecida como Avenida da Fafica.\r\nReiterando nosso Requerimento n\u00ba 861/2017.","indexacao":"","observacao":"","resultado":"","texto_original":"http://sapl.caruaru.pe.leg.br/media/sapl/public/materialegislativa/2017/1738/req.12-avenida-da-fafica.-12-09-2017..pdf","data_ultima_atualizacao":"2021-02-05T21:20:26.012529-03:00","ip":"","ultima_edicao":null,"tipo":1,"regime_tramitacao":1,"tipo_origem_externa":null,"local_origem_externa":null,"user":null,"anexadas":[],"autores":[13]}