{"id":17449,"__str__":"REQUERIMENTO n\u00ba 931 de 2021","metadata":{},"numero":931,"ano":2021,"numero_protocolo":1173,"data_apresentacao":"2021-02-25","tipo_apresentacao":"","data_publicacao":null,"numero_origem_externa":"","ano_origem_externa":null,"data_origem_externa":null,"apelido":"","dias_prazo":null,"data_fim_prazo":null,"em_tramitacao":false,"polemica":null,"objeto":"","complementar":null,"ementa":"Requer a realiza\u00e7\u00e3o de AUDI\u00caNCIA P\u00daBLICA para discutir os direitos dos animais n\u00e3o-humanos e o combate aos maus-tratos no munic\u00edpio de Caruaru. O evento acontecer\u00e1 no dia 7 (sete) de abril, \u00e0s 9h30, em alus\u00e3o ao m\u00eas de combate aos maus-tratos dos animais n\u00e3o-humanos.","indexacao":"","observacao":"","resultado":"","texto_original":"http://sapl.caruaru.pe.leg.br/media/sapl/public/materialegislativa/2021/17449/requerimento_-_a_realizacao_de_audiencia_publica_para_discutir_os_direitos_dos_animais_nao_humanos_e_o_combate_aos_maus-tratos.pdf","data_ultima_atualizacao":"2021-04-28T10:27:32.988884-03:00","ip":"","ultima_edicao":null,"tipo":1,"regime_tramitacao":1,"tipo_origem_externa":null,"local_origem_externa":null,"user":null,"anexadas":[],"autores":[105]}