{"id":18100,"__str__":"PROJETO DE LEI n\u00ba 8892 de 2021","metadata":{},"numero":8892,"ano":2021,"numero_protocolo":1811,"data_apresentacao":"2021-03-25","tipo_apresentacao":"","data_publicacao":null,"numero_origem_externa":"","ano_origem_externa":null,"data_origem_externa":null,"apelido":"","dias_prazo":null,"data_fim_prazo":null,"em_tramitacao":false,"polemica":null,"objeto":"","complementar":null,"ementa":"Disp\u00f5e sobre o Sistema Censo Inclus\u00e3o e o Cadastro Inclus\u00e3o para identifica\u00e7\u00e3o do perfil socioecon\u00f4mico das pessoas com defici\u00eancia ou mobilidade reduzida no \u00e2mbito do Munic\u00edpio de Caruaru e d\u00e1 outras provid\u00eancias.","indexacao":"","observacao":"","resultado":"","texto_original":"http://sapl.caruaru.pe.leg.br/media/sapl/public/materialegislativa/2021/18100/13_projeto_de_lei_-_sistema_de_censo_e_cadastro_de_pessoas_com_deficiencia.pdf","data_ultima_atualizacao":"2021-05-14T13:45:54.002031-03:00","ip":"","ultima_edicao":null,"tipo":3,"regime_tramitacao":1,"tipo_origem_externa":null,"local_origem_externa":null,"user":null,"anexadas":[18951,19049,19206],"autores":[117]}