{"id":18150,"__str__":"PROJETO DE LEI n\u00ba 8899 de 2021","metadata":{},"numero":8899,"ano":2021,"numero_protocolo":1860,"data_apresentacao":"2021-03-30","tipo_apresentacao":"","data_publicacao":null,"numero_origem_externa":"","ano_origem_externa":null,"data_origem_externa":null,"apelido":"","dias_prazo":null,"data_fim_prazo":null,"em_tramitacao":false,"polemica":null,"objeto":"","complementar":null,"ementa":"Fica denominada de \u201cPRA\u00c7A 21 DE SETEMBRO- DIA DA \u00c1RVORE\u201d, A \u00c1REA VERDE sem delimita\u00e7\u00e3o por cerca, adjacente, ao sul, \u00e0 avenida Jos\u00e9 Bezerra Sobrinho (antigo segmento da rua Jos\u00e9 Faustino Vila Nova, do Bairro Nova Caruaru.","indexacao":"","observacao":"","resultado":"","texto_original":"http://sapl.caruaru.pe.leg.br/media/sapl/public/materialegislativa/2021/18150/pl_21_de_setembro_-_dia_da_arvore.pdf","data_ultima_atualizacao":"2021-10-28T09:53:54.056584-03:00","ip":"","ultima_edicao":null,"tipo":3,"regime_tramitacao":1,"tipo_origem_externa":null,"local_origem_externa":null,"user":null,"anexadas":[21786,21427,21777,21803],"autores":[18]}