{"id":1845,"__str__":"REQUERIMENTO n\u00ba 2313 de 2017","metadata":{},"numero":2313,"ano":2017,"numero_protocolo":758,"data_apresentacao":"2017-09-14","tipo_apresentacao":"","data_publicacao":null,"numero_origem_externa":"","ano_origem_externa":null,"data_origem_externa":null,"apelido":"","dias_prazo":null,"data_fim_prazo":null,"em_tramitacao":false,"polemica":null,"objeto":"","complementar":null,"ementa":"REQUER A CRIA\u00c7\u00c3O DE UMA ACADEMIA DAS CIDADES, NO CONJUNTO HABITACIONAL DEM\u00d3STENES BATISTA VERAS.","indexacao":"","observacao":"","resultado":"","texto_original":"http://sapl.caruaru.pe.leg.br/media/sapl/public/materialegislativa/2017/1845/req.-vecfcmc-constru-o-de-academia-das-cidades-_u6fI5NH.pdf","data_ultima_atualizacao":"2021-02-05T21:20:38.838062-03:00","ip":"","ultima_edicao":null,"tipo":1,"regime_tramitacao":1,"tipo_origem_externa":null,"local_origem_externa":null,"user":null,"anexadas":[],"autores":[16]}