{"id":1868,"__str__":"REQUERIMENTO n\u00ba 2330 de 2017","metadata":{},"numero":2330,"ano":2017,"numero_protocolo":778,"data_apresentacao":"2017-09-14","tipo_apresentacao":"","data_publicacao":null,"numero_origem_externa":"","ano_origem_externa":null,"data_origem_externa":null,"apelido":"","dias_prazo":null,"data_fim_prazo":null,"em_tramitacao":false,"polemica":null,"objeto":"","complementar":null,"ementa":"cal\u00e7amento da JOS\u00c9 JOAQUIM DA SILVA, NO BAIRRO S\u00c3O JO\u00c3O DA ESC\u00d3CIA","indexacao":"","observacao":"","resultado":"","texto_original":null,"data_ultima_atualizacao":"2021-02-05T21:20:43.510899-03:00","ip":"","ultima_edicao":null,"tipo":1,"regime_tramitacao":1,"tipo_origem_externa":null,"local_origem_externa":null,"user":null,"anexadas":[],"autores":[17]}