{"id":1944,"__str__":"REQUERIMENTO n\u00ba 2369 de 2017","metadata":{},"numero":2369,"ano":2017,"numero_protocolo":835,"data_apresentacao":"2017-09-22","tipo_apresentacao":"","data_publicacao":null,"numero_origem_externa":"","ano_origem_externa":null,"data_origem_externa":null,"apelido":"","dias_prazo":null,"data_fim_prazo":null,"em_tramitacao":false,"polemica":null,"objeto":"","complementar":null,"ementa":"REQUER A REALIZA\u00c7\u00c3O DE SERVI\u00c7OS DE REVITALIZA\u00c7\u00c3O E REFORMA DA ILUMINA\u00c7\u00c3O DA PRA\u00c7A P\u00daBLICA JOS\u00c9 JO\u00c3O LACERDA, LOCALIZADA NA RUA EST\u00c1CIO COIMBRA \u2013 BAIRRO PETR\u00d3POLIS.","indexacao":"","observacao":"","resultado":"","texto_original":"http://sapl.caruaru.pe.leg.br/media/sapl/public/materialegislativa/2017/1944/req.-vecfcmc-revitaliza-o-e-ilumina-o-da-pra-a-_TwAnkaO.pdf","data_ultima_atualizacao":"2021-02-05T21:24:55.606164-03:00","ip":"","ultima_edicao":null,"tipo":1,"regime_tramitacao":1,"tipo_origem_externa":null,"local_origem_externa":null,"user":null,"anexadas":[],"autores":[16]}