{"id":1946,"__str__":"REQUERIMENTO n\u00ba 2371 de 2017","metadata":{},"numero":2371,"ano":2017,"numero_protocolo":837,"data_apresentacao":"2017-09-22","tipo_apresentacao":"","data_publicacao":null,"numero_origem_externa":"","ano_origem_externa":null,"data_origem_externa":null,"apelido":"","dias_prazo":null,"data_fim_prazo":null,"em_tramitacao":false,"polemica":null,"objeto":"","complementar":null,"ementa":"REQUER A IMPLANTA\u00c7\u00c3O DE COBERTAS NAS PARADAS DE \u00d4NIBUS  DAS RUAS MARIA MERANDOLINA, JOS\u00c9 CARLOS COUTINHO E LOURINALDO ARA\u00daJO DUTRA, NOS BAIRROS ALTO DA BALAN\u00c7A E CEDRO.","indexacao":"","observacao":"","resultado":"","texto_original":"http://sapl.caruaru.pe.leg.br/media/sapl/public/materialegislativa/2017/1946/req.-vecfcmc-parada-de-onibus-coberta-alto-da-balan-a.pdf","data_ultima_atualizacao":"2021-02-05T21:24:56.137904-03:00","ip":"","ultima_edicao":null,"tipo":1,"regime_tramitacao":1,"tipo_origem_externa":null,"local_origem_externa":null,"user":null,"anexadas":[],"autores":[16]}