{"id":19580,"__str__":"REQUERIMENTO n\u00ba 2272 de 2021","metadata":{},"numero":2272,"ano":2021,"numero_protocolo":3272,"data_apresentacao":"2021-06-08","tipo_apresentacao":"","data_publicacao":null,"numero_origem_externa":"","ano_origem_externa":null,"data_origem_externa":null,"apelido":"","dias_prazo":null,"data_fim_prazo":null,"em_tramitacao":false,"polemica":null,"objeto":"","complementar":null,"ementa":"Proceder com a inclus\u00e3o da classe dos corretores e administrativos dos planos de sa\u00fade, no grupo priorit\u00e1rio de vacina\u00e7\u00e3o contra \u00e0 COVID-19, em nosso munic\u00edpio.","indexacao":"","observacao":"","resultado":"","texto_original":"http://sapl.caruaru.pe.leg.br/media/sapl/public/materialegislativa/2021/19580/requerimento_-_vacinacao_-_plano_de_saude.pdf","data_ultima_atualizacao":"2021-06-11T09:05:06.419445-03:00","ip":"","ultima_edicao":null,"tipo":1,"regime_tramitacao":1,"tipo_origem_externa":null,"local_origem_externa":null,"user":null,"anexadas":[],"autores":[23]}