{"id":19750,"__str__":"REQUERIMENTO n\u00ba 2378 de 2021","metadata":{},"numero":2378,"ano":2021,"numero_protocolo":3439,"data_apresentacao":"2021-06-15","tipo_apresentacao":"","data_publicacao":null,"numero_origem_externa":"","ano_origem_externa":null,"data_origem_externa":null,"apelido":"","dias_prazo":null,"data_fim_prazo":null,"em_tramitacao":false,"polemica":null,"objeto":"","complementar":null,"ementa":"Requer a realiza\u00e7\u00e3o de Audi\u00eancia P\u00fablica a ser realizada no dia 25/08/2021 as 09h30, na inten\u00e7\u00e3o de discutir quest\u00f5es relacionadas a educa\u00e7\u00e3o p\u00f3s-pandemia em Caruaru.","indexacao":"","observacao":"","resultado":"","texto_original":"http://sapl.caruaru.pe.leg.br/media/sapl/public/materialegislativa/2021/19750/educacao_pos-pandemia_em_caruaru_.pdf","data_ultima_atualizacao":"2021-06-21T12:19:27.712180-03:00","ip":"","ultima_edicao":null,"tipo":1,"regime_tramitacao":1,"tipo_origem_externa":null,"local_origem_externa":null,"user":null,"anexadas":[],"autores":[111]}