{"id":19889,"__str__":"REQUERIMENTO n\u00ba 2481 de 2021","metadata":{},"numero":2481,"ano":2021,"numero_protocolo":3576,"data_apresentacao":"2021-06-22","tipo_apresentacao":"","data_publicacao":null,"numero_origem_externa":"","ano_origem_externa":null,"data_origem_externa":null,"apelido":"","dias_prazo":null,"data_fim_prazo":null,"em_tramitacao":false,"polemica":null,"objeto":"","complementar":null,"ementa":"Para que, com as doses da vacina da Janssen que ir\u00e3o chegar, viabilizem a vacina\u00e7\u00e3o de todos os profissionais de educa\u00e7\u00e3o do munic\u00edpio.","indexacao":"","observacao":"","resultado":"","texto_original":"http://sapl.caruaru.pe.leg.br/media/sapl/public/materialegislativa/2021/19889/requerimento_vacinas_profissionais_de_educacao.pdf","data_ultima_atualizacao":"2021-06-25T08:07:44.554978-03:00","ip":"","ultima_edicao":null,"tipo":1,"regime_tramitacao":1,"tipo_origem_externa":null,"local_origem_externa":null,"user":null,"anexadas":[],"autores":[18]}