{"id":19900,"__str__":"INDICA\u00c7\u00c3O n\u00ba 211 de 2021","metadata":{},"numero":211,"ano":2021,"numero_protocolo":3587,"data_apresentacao":"2021-06-22","tipo_apresentacao":"","data_publicacao":null,"numero_origem_externa":"","ano_origem_externa":null,"data_origem_externa":null,"apelido":"","dias_prazo":null,"data_fim_prazo":null,"em_tramitacao":false,"polemica":null,"objeto":"","complementar":null,"ementa":"Indica-se ao Excelent\u00edssimo Sr. Presidente do Tribunal de Justi\u00e7a de Pernambuco que seja mantida a Primeira C\u00e2mara Regional de Caruaru, sediada na Comarca de Caruaru/PE, tendo em vista o Ato n\u00ba 566, de 17 de junho de 2021 que tornou p\u00fablico o projeto de Emenda Regimental do referido \u00d3rg\u00e3o.","indexacao":"","observacao":"","resultado":"","texto_original":"http://sapl.caruaru.pe.leg.br/media/sapl/public/materialegislativa/2021/19900/indicacao_cmc.pdf","data_ultima_atualizacao":"2021-06-23T08:07:09.929481-03:00","ip":"","ultima_edicao":null,"tipo":2,"regime_tramitacao":1,"tipo_origem_externa":null,"local_origem_externa":null,"user":null,"anexadas":[],"autores":[104,105,12,106,107,17,18,108,19,109,110,112,22,23,113,114,115,116,117,111,27,28,118]}