{"id":19951,"__str__":"REQUERIMENTO n\u00ba 2521 de 2021","metadata":{},"numero":2521,"ano":2021,"numero_protocolo":3637,"data_apresentacao":"2021-07-01","tipo_apresentacao":"","data_publicacao":null,"numero_origem_externa":"","ano_origem_externa":null,"data_origem_externa":null,"apelido":"","dias_prazo":null,"data_fim_prazo":null,"em_tramitacao":false,"polemica":null,"objeto":"","complementar":null,"ementa":"Que seja inclusa entre os grupos priorit\u00e1rios m\u00e3es ou respons\u00e1veis de crian\u00e7as com microcefalia ou doen\u00e7as raras no plano nacional de vacina\u00e7\u00e3o da Covid-19.","indexacao":"","observacao":"","resultado":"","texto_original":"http://sapl.caruaru.pe.leg.br/media/sapl/public/materialegislativa/2021/19951/requerimento_-_vacina_prioritarios_maes_ou_responsaveis_de_criancas_com_microcefalia_ou_doencas_raras_covid-19_-_assinado.pdf","data_ultima_atualizacao":"2021-07-07T09:03:55.308225-03:00","ip":"","ultima_edicao":null,"tipo":1,"regime_tramitacao":1,"tipo_origem_externa":null,"local_origem_externa":null,"user":null,"anexadas":[],"autores":[104]}