{"id":2010,"__str__":"REQUERIMENTO n\u00ba 2410 de 2017","metadata":{},"numero":2410,"ano":2017,"numero_protocolo":899,"data_apresentacao":"2017-09-26","tipo_apresentacao":"","data_publicacao":null,"numero_origem_externa":"","ano_origem_externa":null,"data_origem_externa":null,"apelido":"","dias_prazo":null,"data_fim_prazo":null,"em_tramitacao":false,"polemica":null,"objeto":"","complementar":null,"ementa":"Mo\u00e7\u00e3o de Rep\u00fadio ao corte or\u00e7ament\u00e1rio 2018 na Assist\u00eancia Social","indexacao":"","observacao":"","resultado":"","texto_original":"http://sapl.caruaru.pe.leg.br/media/sapl/public/materialegislativa/2017/2010/mo-o-de-rep-dio-ao-corte-or-ament-rio-2018-na-a_ZBLZpZm.pdf","data_ultima_atualizacao":"2021-02-05T21:25:06.511095-03:00","ip":"","ultima_edicao":null,"tipo":1,"regime_tramitacao":1,"tipo_origem_externa":null,"local_origem_externa":null,"user":null,"anexadas":[],"autores":[30]}