{"id":20141,"__str__":"REQUERIMENTO n\u00ba 2637 de 2021","metadata":{},"numero":2637,"ano":2021,"numero_protocolo":3825,"data_apresentacao":"2021-07-08","tipo_apresentacao":"","data_publicacao":null,"numero_origem_externa":"","ano_origem_externa":null,"data_origem_externa":null,"apelido":"","dias_prazo":null,"data_fim_prazo":null,"em_tramitacao":false,"polemica":null,"objeto":"","complementar":null,"ementa":"Departamento de Ilumina\u00e7\u00e3o P\u00fablica, para que se viabilize a ilumina\u00e7\u00e3o colocando os bra\u00e7os com l\u00e2mpadas dos Postes de n\u00fameros: T078949, T078950, e troque as l\u00e2mpadas dos postes de n\u00fameros: T078951 e T079001, na Rua Luar de Araponga, pr\u00f3ximo ao restaurante Tempero Baiano, bairro Indian\u00f3polis.","indexacao":"","observacao":"","resultado":"","texto_original":"http://sapl.caruaru.pe.leg.br/media/sapl/public/materialegislativa/2021/20141/requerimento_137_troca_de_lampadas_creche_boa_vista.pdf","data_ultima_atualizacao":"2021-07-15T10:46:10.415073-03:00","ip":"","ultima_edicao":null,"tipo":1,"regime_tramitacao":1,"tipo_origem_externa":null,"local_origem_externa":null,"user":null,"anexadas":[],"autores":[109]}