{"id":2185,"__str__":"REQUERIMENTO n\u00ba 2478 de 2017","metadata":{},"numero":2478,"ano":2017,"numero_protocolo":1047,"data_apresentacao":"2017-10-05","tipo_apresentacao":"","data_publicacao":null,"numero_origem_externa":"","ano_origem_externa":null,"data_origem_externa":null,"apelido":"","dias_prazo":null,"data_fim_prazo":null,"em_tramitacao":false,"polemica":null,"objeto":"","complementar":null,"ementa":"Requer que se estude a possibilidade de que haja celeridade na execu\u00e7\u00e3o dos servi\u00e7os previstos no projeto \u201cIlumina Caruaru\u201d, da Prefeitura Municipal, no Bairro Dem\u00f3stenes Batista Veras.","indexacao":"","observacao":"","resultado":"","texto_original":"http://sapl.caruaru.pe.leg.br/media/sapl/public/materialegislativa/2017/2185/req.-vecfcmc-ilumina-caruaru-dem-stenes-veras.pdf","data_ultima_atualizacao":"2021-02-05T21:25:24.568396-03:00","ip":"","ultima_edicao":null,"tipo":1,"regime_tramitacao":1,"tipo_origem_externa":null,"local_origem_externa":null,"user":null,"anexadas":[],"autores":[16]}