{"id":2406,"__str__":"REQUERIMENTO n\u00ba 2572 de 2017","metadata":{},"numero":2572,"ano":2017,"numero_protocolo":1231,"data_apresentacao":"2017-10-19","tipo_apresentacao":"","data_publicacao":null,"numero_origem_externa":"","ano_origem_externa":null,"data_origem_externa":null,"apelido":"","dias_prazo":null,"data_fim_prazo":null,"em_tramitacao":false,"polemica":null,"objeto":"","complementar":null,"ementa":"Requer que se proceda com a coloca\u00e7\u00e3o de bra\u00e7os de a\u00e7o para ilumina\u00e7\u00e3o p\u00fablica em postes da Av. Recife e Av. Tacaimb\u00f3, no Bairro Dem\u00f3stenes Veras; e na Rua Nova Jo\u00e3o Pessoa, no Bairro Jo\u00e3o Batista.","indexacao":"","observacao":"","resultado":"","texto_original":"http://sapl.caruaru.pe.leg.br/media/sapl/public/materialegislativa/2017/2406/req.-vecfcmc-bra-as-de-postes-no-dem-stenes-ver_gJePhwt.pdf","data_ultima_atualizacao":"2021-02-05T21:27:56.444835-03:00","ip":"","ultima_edicao":null,"tipo":1,"regime_tramitacao":1,"tipo_origem_externa":null,"local_origem_externa":null,"user":null,"anexadas":[],"autores":[16]}