{"id":24480,"__str__":"REQUERIMENTO n\u00ba 834 de 2022","metadata":{},"numero":834,"ano":2022,"numero_protocolo":1099,"data_apresentacao":"2022-03-17","tipo_apresentacao":"","data_publicacao":null,"numero_origem_externa":"","ano_origem_externa":null,"data_origem_externa":null,"apelido":"","dias_prazo":null,"data_fim_prazo":null,"em_tramitacao":false,"polemica":null,"objeto":"","complementar":null,"ementa":"Para que se Estude a possibilidade de se fazer um recuo de aproximadamente um metro e meio das grades do Estacionamento da Feira do Artesanato, para fazer uma Reloca\u00e7\u00e3o para os Camel\u00f4s de Caruaru, que ficam na cal\u00e7ada da feira de artesanato.","indexacao":"","observacao":"","resultado":"","texto_original":"http://sapl.caruaru.pe.leg.br/media/sapl/public/materialegislativa/2022/24480/requerimento_52_relocacao_feira_de_artesaneto.pdf","data_ultima_atualizacao":"2022-07-06T11:21:14.983139-03:00","ip":"","ultima_edicao":null,"tipo":1,"regime_tramitacao":1,"tipo_origem_externa":null,"local_origem_externa":null,"user":null,"anexadas":[29513,27740],"autores":[109]}