{"id":2497,"__str__":"REQUERIMENTO n\u00ba 2618 de 2017","metadata":{},"numero":2618,"ano":2017,"numero_protocolo":1310,"data_apresentacao":"2017-10-24","tipo_apresentacao":"","data_publicacao":null,"numero_origem_externa":"","ano_origem_externa":null,"data_origem_externa":null,"apelido":"","dias_prazo":null,"data_fim_prazo":null,"em_tramitacao":false,"polemica":null,"objeto":"","complementar":null,"ementa":"Requer que se estude a possibilidade de que haja isen\u00e7\u00e3o de das taxas e encargos municipais cobrados dos feirantes da Feira da Sulanca em um dos dois dias de ocorr\u00eancia da Feira da Sulanca, nos finais de semana, durante os meses de novembro/dezembro de 2017, durante a \"Campanha de Natal Nota 10\".","indexacao":"","observacao":"","resultado":"","texto_original":"http://sapl.caruaru.pe.leg.br/media/sapl/public/materialegislativa/2017/2497/req.-vecfcmc-feira-da-sulanca-demanda-de-feirantes.pdf","data_ultima_atualizacao":"2021-02-05T21:28:09.608000-03:00","ip":"","ultima_edicao":null,"tipo":1,"regime_tramitacao":1,"tipo_origem_externa":null,"local_origem_externa":null,"user":null,"anexadas":[],"autores":[16]}