{"id":26102,"__str__":"PROJETO DE LEI n\u00ba 9337 de 2022","metadata":{"signs":{"texto_original":{"admin":[],"autores":[["Nome do Assinante N\u00e3o Localizado.",["2022-06-07T10:23:48-03:00","Gabinete do Vereador Galego de Lajes"]]]}}},"numero":9337,"ano":2022,"numero_protocolo":2694,"data_apresentacao":"2022-06-07","tipo_apresentacao":"","data_publicacao":null,"numero_origem_externa":"","ano_origem_externa":null,"data_origem_externa":null,"apelido":"","dias_prazo":null,"data_fim_prazo":null,"em_tramitacao":false,"polemica":null,"objeto":"","complementar":null,"ementa":"Denomina de PRA\u00c7A JOS\u00c9 FRANSCISCO BEZERRA, localizada na Rua Juv\u00eancio Figueiredo da Costa, Vila Lajes de Z\u00e9 de N\u00e9, defronte \u00e0 Escola Municipal Manoel Limeira, nesta cidade.","indexacao":"","observacao":"","resultado":"","texto_original":"http://sapl.caruaru.pe.leg.br/media/sapl/public/materialegislativa/2022/26102/pl_praca_jose_francisco_bezerra.pdf","data_ultima_atualizacao":"2025-01-04T10:07:43.182164-03:00","ip":"","ultima_edicao":null,"tipo":3,"regime_tramitacao":1,"tipo_origem_externa":null,"local_origem_externa":null,"user":null,"anexadas":[33728],"autores":[19]}