{"id":26160,"__str__":"PROJETO DE LEI n\u00ba 9340 de 2022","metadata":{},"numero":9340,"ano":2022,"numero_protocolo":2751,"data_apresentacao":"2022-06-09","tipo_apresentacao":"","data_publicacao":null,"numero_origem_externa":"","ano_origem_externa":null,"data_origem_externa":null,"apelido":"","dias_prazo":null,"data_fim_prazo":null,"em_tramitacao":false,"polemica":false,"objeto":"","complementar":false,"ementa":"Denomina de Pra\u00e7a Jacione da Silva Clementino a atual pra\u00e7a constru\u00edda em frente a Igreja cat\u00f3lica, localizada na Avenida Major Jo\u00e3o Coelho, Bairro Rendeiras, nesta urbe.","indexacao":"","observacao":"","resultado":"","texto_original":"http://sapl.caruaru.pe.leg.br/media/sapl/public/materialegislativa/2022/26160/projeto_de_lei_-_denominacao_praca_rendeiras_jacione.pdf","data_ultima_atualizacao":"2022-12-02T13:28:35.075625-03:00","ip":"","ultima_edicao":null,"tipo":3,"regime_tramitacao":1,"tipo_origem_externa":null,"local_origem_externa":null,"user":null,"anexadas":[26353,27380,27384],"autores":[112]}