{"id":26684,"__str__":"EMENDAS n\u00ba 93 de 2022","metadata":{"signs":{"texto_original":{"admin":[],"autores":[["Nome do Assinante N\u00e3o Localizado.",["2022-08-09T13:25:17-03:00","CMC"]]]}}},"numero":93,"ano":2022,"numero_protocolo":3266,"data_apresentacao":"2022-08-09","tipo_apresentacao":"","data_publicacao":null,"numero_origem_externa":"","ano_origem_externa":null,"data_origem_externa":null,"apelido":"","dias_prazo":null,"data_fim_prazo":null,"em_tramitacao":false,"polemica":false,"objeto":"","complementar":false,"ementa":"Emendas ao Projeto de Lei n\u00ba 9362/2022, de autoria do Poder Executivo, que\r\nestabelece as diretrizes or\u00e7ament\u00e1rias do munic\u00edpio de Caruaru para o exerc\u00edcio de 2023,\r\nconforme arts. 129, 143 149, par\u00e1grafo \u00fanico e 165 ambos da Resolu\u00e7\u00e3o n\u00ba 554/2010 c/c art.96,\r\n\u00a74\u00ba e 97 e incisos, da Lei Org\u00e2nica do Munic\u00edpio de Caruaru.\r\nArt. 1\u00ba - O anexo I de prioridades e metas da Administra\u00e7\u00e3o P\u00fablica Municipal, no EIXO 1 \u2013\r\nDESENVOLVIMENTO HUMANO, INCLUS\u00c3O E DIREITOS, com \u00eanfase em sa\u00fade no\r\nmunic\u00edpio do Projeto de Lei 9362/2022, passa a vigorar com os seguintes acr\u00e9scimos das metas\r\ne reda\u00e7\u00e3o:\r\nAmpliar o acesso da popula\u00e7\u00e3o da zona rural \u00e0 realiza\u00e7\u00e3o de exames de imagem.\r\nAmpliar a rede de profissionais para o atendimento das pessoas com defici\u00eancia.\r\nFometar recursos tecnol\u00f3gicos e humanos para a redu\u00e7\u00e3o das filas de exames e\r\nconsultas na rede municipal de sa\u00fade.\r\nFortalecer a rede de sa\u00fade nos quatro distritos de Caruaru, fazendo caravana itinerante\r\n(atrav\u00e9s de unidades m\u00f3veis) para realiza\u00e7\u00e3o de exames e consultas com\r\nEspecialidades\r\nAmpliar leitos infantis para interna\u00e7\u00e3o de crian\u00e7as no Hospital Manoel Afonso.\r\nImplantar UTI Neonatal na Maternidade Municipal Santa Dulce dos Pobres.\r\nMelhorar a estrutura das unidades de aten\u00e7\u00e3o b\u00e1sica de sa\u00fade localizada na Zona Rural.","indexacao":"","observacao":"","resultado":"","texto_original":"http://sapl.caruaru.pe.leg.br/media/sapl/public/materialegislativa/2022/26684/02_emenda_ldo_-_saude_ok.pdf","data_ultima_atualizacao":"2025-01-20T08:50:47.041509-03:00","ip":"","ultima_edicao":null,"tipo":8,"regime_tramitacao":1,"tipo_origem_externa":null,"local_origem_externa":null,"user":null,"anexadas":[26869],"autores":[117]}