{"id":2681,"__str__":"REQUERIMENTO n\u00ba 2729 de 2017","metadata":{},"numero":2729,"ano":2017,"numero_protocolo":1481,"data_apresentacao":"2017-11-07","tipo_apresentacao":"","data_publicacao":null,"numero_origem_externa":"","ano_origem_externa":null,"data_origem_externa":null,"apelido":"","dias_prazo":null,"data_fim_prazo":null,"em_tramitacao":false,"polemica":null,"objeto":"","complementar":null,"ementa":"Requer que se proceda com a realiza\u00e7\u00e3o de servi\u00e7os de cal\u00e7amento das Ruas: S\u00e3o Jos\u00e9 da Laje; Maria Din\u00e1; Edson Borges da Fonseca; Paulo Galv\u00e3o e da Avenida da Rep\u00fablica, no Bairro Maur\u00edcio de Nassau.","indexacao":"","observacao":"","resultado":"","texto_original":"http://sapl.caruaru.pe.leg.br/media/sapl/public/materialegislativa/2017/2681/req.-vecfcmc-cal-amento-em-v-rias-ruas-do-maur-_ZD7udfW.pdf","data_ultima_atualizacao":"2021-02-05T21:33:40.946493-03:00","ip":"","ultima_edicao":null,"tipo":1,"regime_tramitacao":1,"tipo_origem_externa":null,"local_origem_externa":null,"user":null,"anexadas":[],"autores":[16]}