{"id":27039,"__str__":"REQUERIMENTO n\u00ba 2385 de 2022","metadata":{},"numero":2385,"ano":2022,"numero_protocolo":3610,"data_apresentacao":"2022-08-31","tipo_apresentacao":"","data_publicacao":null,"numero_origem_externa":"","ano_origem_externa":null,"data_origem_externa":null,"apelido":"","dias_prazo":null,"data_fim_prazo":null,"em_tramitacao":false,"polemica":false,"objeto":"","complementar":false,"ementa":"Pedido de Reitera\u00e7\u00e3o dos requerimentos feito por mim na legislatura 2021 \u2013 1459/2021: Para a implanta\u00e7\u00e3o de container de lixo, na Rua da justi\u00e7a (pr\u00f3ximo ao mercado do China), Loteamento Novo Mundo; 460/2021: Para a implanta\u00e7\u00e3o de container de lixo, na Rua Projetada, 53, S\u00edtio Campos; 753/2021: Opera\u00e7\u00e3o Tapa Buracos na Avenida Le\u00e3o Dourado, nos trechos que cortam os bairros Caiuca e Kennedy, em car\u00e1ter de urg\u00eancia; 766/2021: Reparos na ilumina\u00e7\u00e3o p\u00fablica, com a instala\u00e7\u00e3o e troca de l\u00e2mpadas de Led, da Rua Macaparana, Boa Vista I; 1321/2021: Manuten\u00e7\u00e3o da ilumina\u00e7\u00e3o p\u00fablica no S\u00edtio Murici, localizado no 1\u00ba Distrito de Caruaru; 1392/2021: Manuten\u00e7\u00e3o da ilumina\u00e7\u00e3o p\u00fablica no S\u00edtio Gravata, localizado no 2\u00ba Distrito; 1634/2021: Manuten\u00e7\u00e3o da ilumina\u00e7\u00e3o p\u00fablica e a instala\u00e7\u00e3o de l\u00e2mpadas de LED na primeira Travessa Ulisses Pernambucano, S\u00e3o Francisco \u2013 Poste n\u00b0 G409330; 1709/2021: Realiza\u00e7\u00e3o de servi\u00e7os de poda das \u00e1rvores em \u00e1rea p\u00fablica, localizada na rua S\u00e3o Matheus, S\u00e3o Francisco; 1816/2021: Requalifica\u00e7\u00e3o da ponte da feira, localizada na AV Lourival Jos\u00e9 da Silva e 1925/2021: Processo de capina\u00e7\u00e3o no S\u00edtio Cip\u00f3.","indexacao":"","observacao":"","resultado":"","texto_original":"http://sapl.caruaru.pe.leg.br/media/sapl/public/materialegislativa/2022/27039/reiteramento_08.pdf","data_ultima_atualizacao":"2023-03-09T12:11:20.220409-03:00","ip":"","ultima_edicao":null,"tipo":1,"regime_tramitacao":1,"tipo_origem_externa":null,"local_origem_externa":null,"user":null,"anexadas":[],"autores":[104]}