{"id":27040,"__str__":"REQUERIMENTO n\u00ba 2386 de 2022","metadata":{},"numero":2386,"ano":2022,"numero_protocolo":3611,"data_apresentacao":"2022-08-31","tipo_apresentacao":"","data_publicacao":null,"numero_origem_externa":"","ano_origem_externa":null,"data_origem_externa":null,"apelido":"","dias_prazo":null,"data_fim_prazo":null,"em_tramitacao":false,"polemica":false,"objeto":"","complementar":false,"ementa":"Pedido de Reitera\u00e7\u00e3o dos requerimentos feito por mim na legislatura 2021 \u2013 1909/2021: Manuten\u00e7\u00e3o da ilumina\u00e7\u00e3o p\u00fablica no S\u00edtio Murici; 1955/2021: Implanta\u00e7\u00e3o de container de lixo, nas respectivas ruas, localizadas no bairro S\u00e3o Francisco:\r\nPra\u00e7a S\u00e3o Francisco, Rua Dom Pedro II (Por tr\u00e1s do col\u00e9gio Ant\u00f4nia Cavalcante), Rua Ant\u00f4nio Facion\u00e1rio, Rua S\u00e3o Bento e na Rua Martins Afonso (Na esquina da academia M\u00fasculo em Boa Forma); 2020/2021: Realizada em car\u00e1cter de urg\u00eancia a manuten\u00e7\u00e3o de ilumina\u00e7\u00e3o na Rua Santa Br\u00edgida, em frente ao posto de sa\u00fade da Vila Cana\u00e3; 2040/2021: Realiza\u00e7\u00e3o de servi\u00e7os de poda das \u00e1rvores em \u00e1rea p\u00fablica, localizada no Sitio Murici, nesta cidade; 2039/2021: Manuten\u00e7\u00e3o da ilumina\u00e7\u00e3o p\u00fablica no S\u00edtio Queimadas, 210, postes G396779 \u2013 6396788 \u2013 G02233; 2327/2021: Implanta\u00e7\u00e3o de container de lixo, na Rua Euclides Leite, Agamenon Magalh\u00e3es e Rua D\u00edlson Funaro de Morais, S\u00e3o Francisco; 2411/2021: Realizar manuten\u00e7\u00e3o da ilumina\u00e7\u00e3o p\u00fablica no S\u00edtio Murici, 400, poste G096202; 2397/2021: Reforma ou requalifica\u00e7\u00e3o do canal localizado na Rua Bento de Farias, no Bairro S\u00e3o Francisco, at\u00e9 a regi\u00e3o conhecida como Ponte de Canos, nesta cidade; 2484/2021: Realizar processo de capina\u00e7\u00e3o nos respectivos locais, em torno da Creche e no Campo de Futebol do S\u00edtio Murici e 2547/2021: Sejam realizados processos de capina\u00e7\u00e3o na Estrada para chegar ao Posto Agamenon, no 1\u00ba Distrito e na Estrada do S\u00edtio Riach\u00e3o, no 3\u00ba Distrito.","indexacao":"","observacao":"","resultado":"","texto_original":"http://sapl.caruaru.pe.leg.br/media/sapl/public/materialegislativa/2022/27040/reiteramento_09.pdf","data_ultima_atualizacao":"2022-09-28T11:05:10.648741-03:00","ip":"","ultima_edicao":null,"tipo":1,"regime_tramitacao":1,"tipo_origem_externa":null,"local_origem_externa":null,"user":null,"anexadas":[],"autores":[104]}