{"id":27156,"__str__":"REQUERIMENTO n\u00ba 2428 de 2022","metadata":{},"numero":2428,"ano":2022,"numero_protocolo":3726,"data_apresentacao":"2022-09-05","tipo_apresentacao":"","data_publicacao":null,"numero_origem_externa":"","ano_origem_externa":null,"data_origem_externa":null,"apelido":"","dias_prazo":null,"data_fim_prazo":null,"em_tramitacao":false,"polemica":false,"objeto":"","complementar":false,"ementa":"AO SENHOR RAFAEL MARTINIANO, PRESIDENTE DA FUNDA\u00c7\u00c3O DE CULTURA, PARA IMPLEMENTAR POL\u00cdTICAS P\u00daBLICAS CULTURAIS PARA CRIAN\u00c7AS E ADOLESCENTES QUE MORAM NAS PERIFERIAS (PRA\u00c7AS DA VIA PARQUE E/OU PRA\u00c7AS COM CONCHA AC\u00daSTICA).","indexacao":"","observacao":"","resultado":"","texto_original":"http://sapl.caruaru.pe.leg.br/media/sapl/public/materialegislativa/2022/27156/200_requerimento_a_fundacao_de_cultura_implementar_politicas_culturias_nas_periferias.pdf","data_ultima_atualizacao":"2022-09-13T11:11:12.326319-03:00","ip":"","ultima_edicao":null,"tipo":1,"regime_tramitacao":1,"tipo_origem_externa":null,"local_origem_externa":null,"user":null,"anexadas":[],"autores":[117]}