{"id":27164,"__str__":"REQUERIMENTO n\u00ba 2434 de 2022","metadata":{},"numero":2434,"ano":2022,"numero_protocolo":3734,"data_apresentacao":"2022-09-05","tipo_apresentacao":"","data_publicacao":null,"numero_origem_externa":"","ano_origem_externa":null,"data_origem_externa":null,"apelido":"","dias_prazo":null,"data_fim_prazo":null,"em_tramitacao":false,"polemica":false,"objeto":"","complementar":false,"ementa":"\u00c0 SECRETARIA DE SA\u00daDE, SENHORA BARBARA FLOR\u00caNCIO, O PRESENTE PEDIDO DE INFORMA\u00c7\u00c3O SOBRE QUAIS E ONDE ACONTECER\u00c3O AS A\u00c7\u00d5ES DA CAMPANHA DO SETEMBRO AMARELO.","indexacao":"","observacao":"","resultado":"","texto_original":"http://sapl.caruaru.pe.leg.br/media/sapl/public/materialegislativa/2022/27164/203_requerimento_pedido_de_informacao_sec_saude_setembro_amarelo.pdf","data_ultima_atualizacao":"2022-09-08T07:46:34.924515-03:00","ip":"","ultima_edicao":null,"tipo":1,"regime_tramitacao":1,"tipo_origem_externa":null,"local_origem_externa":null,"user":null,"anexadas":[],"autores":[117]}