{"id":27225,"__str__":"REQUERIMENTO n\u00ba 2482 de 2022","metadata":{},"numero":2482,"ano":2022,"numero_protocolo":3793,"data_apresentacao":"2022-09-08","tipo_apresentacao":"","data_publicacao":null,"numero_origem_externa":"","ano_origem_externa":null,"data_origem_externa":null,"apelido":"","dias_prazo":null,"data_fim_prazo":null,"em_tramitacao":false,"polemica":false,"objeto":"","complementar":false,"ementa":"Requerimento solicitando para que viabilizem a requalifica\u00e7\u00e3o, amplia\u00e7\u00e3o e o conserto do pared\u00e3o do a\u00e7ude p\u00fablico, localizado na Vila Ita\u00fana, 2\u00ba Distrito do Munic\u00edpio de Caruaru.","indexacao":"","observacao":"","resultado":"","texto_original":"http://sapl.caruaru.pe.leg.br/media/sapl/public/materialegislativa/2022/27225/conserto_do_acude_-_assinado.pdf","data_ultima_atualizacao":"2022-09-14T10:52:10.095968-03:00","ip":"","ultima_edicao":null,"tipo":1,"regime_tramitacao":1,"tipo_origem_externa":null,"local_origem_externa":null,"user":null,"anexadas":[],"autores":[22]}