{"id":27423,"__str__":"REQUERIMENTO n\u00ba 2616 de 2022","metadata":{},"numero":2616,"ano":2022,"numero_protocolo":3986,"data_apresentacao":"2022-09-27","tipo_apresentacao":"","data_publicacao":null,"numero_origem_externa":"","ano_origem_externa":null,"data_origem_externa":null,"apelido":"","dias_prazo":null,"data_fim_prazo":null,"em_tramitacao":false,"polemica":false,"objeto":"","complementar":false,"ementa":"Realizar manuten\u00e7\u00e3o da ilumina\u00e7\u00e3o p\u00fablica da Feira, ao lado da Casa de Cultura, onde todos os postes encontram-se apagados (sem barramento).","indexacao":"","observacao":"","resultado":"","texto_original":"http://sapl.caruaru.pe.leg.br/media/sapl/public/materialegislativa/2022/27423/requerimento_-_manutencao_iluminacao_feira_ao_lado_da_casa_de_cultura.pdf","data_ultima_atualizacao":"2022-10-06T11:15:12.069077-03:00","ip":"","ultima_edicao":null,"tipo":1,"regime_tramitacao":1,"tipo_origem_externa":null,"local_origem_externa":null,"user":null,"anexadas":[],"autores":[104]}