{"id":2802,"__str__":"REQUERIMENTO n\u00ba 2799 de 2017","metadata":{},"numero":2799,"ano":2017,"numero_protocolo":1554,"data_apresentacao":"2017-11-16","tipo_apresentacao":"","data_publicacao":null,"numero_origem_externa":"","ano_origem_externa":null,"data_origem_externa":null,"apelido":"","dias_prazo":null,"data_fim_prazo":null,"em_tramitacao":false,"polemica":null,"objeto":"","complementar":null,"ementa":"Para que seja viabilizada \u00e0 cria\u00e7\u00e3o em nosso Munic\u00edpio, de uma Central de Empregos para Pessoas com defici\u00eancias.","indexacao":"","observacao":"","resultado":"","texto_original":"http://sapl.caruaru.pe.leg.br/media/sapl/public/materialegislativa/2017/2802/req.-central-de-empregos-deficientes-16-11-2017..pdf","data_ultima_atualizacao":"2021-02-05T21:34:00.169718-03:00","ip":"","ultima_edicao":null,"tipo":1,"regime_tramitacao":1,"tipo_origem_externa":null,"local_origem_externa":null,"user":null,"anexadas":[],"autores":[13]}