{"id":2833,"__str__":"REQUERIMENTO n\u00ba 2826 de 2017","metadata":{},"numero":2826,"ano":2017,"numero_protocolo":1581,"data_apresentacao":"2017-11-16","tipo_apresentacao":"","data_publicacao":null,"numero_origem_externa":"","ano_origem_externa":null,"data_origem_externa":null,"apelido":"","dias_prazo":null,"data_fim_prazo":null,"em_tramitacao":false,"polemica":null,"objeto":"","complementar":null,"ementa":"Requer que se estude a possibilidade de substitui\u00e7\u00e3o de l\u00e2mpadas queimadas, se poss\u00edvel por l\u00e2mpadas mais potentes de LED, na 1\u00aa Trav. Ant\u00f4nio Martins, 2\u00aa Trav. Ant\u00f4nio Martins, 3\u00aa Trav. Ant\u00f4nio Martins e na Rua Ant\u00f4nio Martins, Bairro Vassoural.","indexacao":"","observacao":"","resultado":"","texto_original":"http://sapl.caruaru.pe.leg.br/media/sapl/public/materialegislativa/2017/2833/req.-vecfcmc-troca-de-l-mpadas-queimadas-comuns_jCJ8ucm.pdf","data_ultima_atualizacao":"2021-02-05T21:34:07.167583-03:00","ip":"","ultima_edicao":null,"tipo":1,"regime_tramitacao":1,"tipo_origem_externa":null,"local_origem_externa":null,"user":null,"anexadas":[],"autores":[16]}