{"id":2834,"__str__":"REQUERIMENTO n\u00ba 2827 de 2017","metadata":{},"numero":2827,"ano":2017,"numero_protocolo":1582,"data_apresentacao":"2017-11-16","tipo_apresentacao":"","data_publicacao":null,"numero_origem_externa":"","ano_origem_externa":null,"data_origem_externa":null,"apelido":"","dias_prazo":null,"data_fim_prazo":null,"em_tramitacao":false,"polemica":null,"objeto":"","complementar":null,"ementa":"Requer que se proceda com a IMPLANTA\u00c7\u00c3O DE ABRIGOS PARA USU\u00c1RIOS DE TRANSPORTE P\u00daBLICO NA PARADA DE \u00d4NIBUS EXISTENTE AO LADO DO CENTRO ACAD\u00caMICO DO AGRESTE, LOCALIZADO NO S\u00cdTIO JUR\u00cdTI.","indexacao":"","observacao":"","resultado":"","texto_original":"http://sapl.caruaru.pe.leg.br/media/sapl/public/materialegislativa/2017/2834/req.-vecfcmc-parada-de-onibus-coberta-centro-ac_1RsVtHw.pdf","data_ultima_atualizacao":"2021-02-05T21:34:07.536173-03:00","ip":"","ultima_edicao":null,"tipo":1,"regime_tramitacao":1,"tipo_origem_externa":null,"local_origem_externa":null,"user":null,"anexadas":[],"autores":[16]}