{"id":28635,"__str__":"REQUERIMENTO n\u00ba 41 de 2023","metadata":{},"numero":41,"ano":2023,"numero_protocolo":67,"data_apresentacao":"2023-01-31","tipo_apresentacao":"","data_publicacao":null,"numero_origem_externa":"","ano_origem_externa":null,"data_origem_externa":null,"apelido":"","dias_prazo":null,"data_fim_prazo":null,"em_tramitacao":false,"polemica":false,"objeto":"","complementar":false,"ementa":"REITERANDO - a) 2021/672\tAcesso a cursos de artes aos portadores do Transtorno do Espectro Autista matriculado na rede regular de ensino do munic\u00edpio de Caruaru. b) 2021/671 Cria\u00e7\u00e3o da Pra\u00e7a Azul destinada as crian\u00e7as portadoras do Transtorno do Espectro Autista. c) 2021/488\timplanta\u00e7\u00e3o do PEI \u2013 Plano Educacional Individual para atender as necessidades espec\u00edficas do aluno portador do Transtorno do Espectro Autista. d) 2022/438 realiza\u00e7\u00e3o de manuten\u00e7\u00e3o dos pontos que tem as sacolinhas pl\u00e1sticas para recolhimento de fezes. e) 2022/584\t  Cria\u00e7\u00e3o do programa Projeto Ecoleish destinado a programa de educa\u00e7\u00e3o para o controle da leishmaniose visceral em c\u00e3es e seres humanos para promover sa\u00fade \u00e0s comunidade atingidas. f) 2022/656\tpara que viabilizem a instala\u00e7\u00e3o de redutores de velocidade com passarela e faixa de pedestre na Rua E\u00e7a de Queiroz localizada no bairro do Salgado. g) 2022/782\tsess\u00e3o Solene, anualmente, dedicada ao Dia Internacional do Combate ao C\u00e2ncer de Mama, celebrado no dia 19 de outubro, nesta Casa legislativa.","indexacao":"","observacao":"","resultado":"","texto_original":"http://sapl.caruaru.pe.leg.br/media/sapl/public/materialegislativa/2023/28635/requerimento_reiterando_03.pdf","data_ultima_atualizacao":"2023-02-10T11:57:53.306503-03:00","ip":"","ultima_edicao":null,"tipo":1,"regime_tramitacao":1,"tipo_origem_externa":null,"local_origem_externa":null,"user":null,"anexadas":[],"autores":[18]}