{"id":28755,"__str__":"REQUERIMENTO n\u00ba 134 de 2023","metadata":{},"numero":134,"ano":2023,"numero_protocolo":186,"data_apresentacao":"2023-02-07","tipo_apresentacao":"","data_publicacao":null,"numero_origem_externa":"","ano_origem_externa":null,"data_origem_externa":null,"apelido":"","dias_prazo":null,"data_fim_prazo":null,"em_tramitacao":false,"polemica":false,"objeto":"","complementar":false,"ementa":"Requeiro a cria\u00e7\u00e3o de um complexo de refer\u00eancia e atendimento especializado \u00e0s pessoas com o Transtorno do Espectro Autista (TEA) e pessoas com S\u00edndrome de Down.","indexacao":"","observacao":"","resultado":"","texto_original":"http://sapl.caruaru.pe.leg.br/media/sapl/public/materialegislativa/2023/28755/req05.pdf","data_ultima_atualizacao":"2023-02-14T12:02:32.695731-03:00","ip":"","ultima_edicao":null,"tipo":1,"regime_tramitacao":1,"tipo_origem_externa":null,"local_origem_externa":null,"user":null,"anexadas":[],"autores":[111]}