{"id":28789,"__str__":"REQUERIMENTO n\u00ba 158 de 2023","metadata":{},"numero":158,"ano":2023,"numero_protocolo":219,"data_apresentacao":"2023-02-08","tipo_apresentacao":"","data_publicacao":null,"numero_origem_externa":"","ano_origem_externa":null,"data_origem_externa":null,"apelido":"","dias_prazo":null,"data_fim_prazo":null,"em_tramitacao":false,"polemica":false,"objeto":"","complementar":false,"ementa":"para que realize estudo e obra para: PROJETO ARQUITET\u00d4NICO E URBAN\u00cdSTICO PARA CRIA\u00c7\u00c3O DE \u00c1REA COBERTA E ESTRUTURADA, DA FEIRA LIVRE DO BAIRRO DAS RENDEIRAS, NA PRA\u00c7A DA MOCIDADE.","indexacao":"","observacao":"","resultado":"","texto_original":"http://sapl.caruaru.pe.leg.br/media/sapl/public/materialegislativa/2023/28789/feira_rendeiras_estrutura.pdf","data_ultima_atualizacao":"2023-02-28T11:51:09.089923-03:00","ip":"","ultima_edicao":null,"tipo":1,"regime_tramitacao":1,"tipo_origem_externa":null,"local_origem_externa":null,"user":null,"anexadas":[],"autores":[113]}