{"id":28803,"__str__":"REQUERIMENTO n\u00ba 169 de 2023","metadata":{},"numero":169,"ano":2023,"numero_protocolo":233,"data_apresentacao":"2023-02-08","tipo_apresentacao":"","data_publicacao":null,"numero_origem_externa":"","ano_origem_externa":null,"data_origem_externa":null,"apelido":"","dias_prazo":null,"data_fim_prazo":null,"em_tramitacao":false,"polemica":false,"objeto":"","complementar":false,"ementa":"Que seja REITERADO a seguinte numera\u00e7\u00e3o de mat\u00e9ria legislativa: 1034 - No sentido de que em atendimento a Lei Federal Lei n\u00ba 12.764/2012 , que garante o atendimento em sa\u00fade direcionado \u00e0 Pessoa com Transtorno do Espectro Autista, seja institu\u00eddo/ implantado no Munic\u00edpio de Caruaru, um Centro de Refer\u00eancia \u00e0 Pessoa do Espectro Autista, apresentada no ano de 2022.","indexacao":"","observacao":"","resultado":"","texto_original":"http://sapl.caruaru.pe.leg.br/media/sapl/public/materialegislativa/2023/28803/requerimento_-reiterado_centro_de_referencia_a_pessoa_do_espectro_autista_-_n_1034_de_2022.pdf","data_ultima_atualizacao":"2023-02-23T11:47:50.659856-03:00","ip":"","ultima_edicao":null,"tipo":1,"regime_tramitacao":1,"tipo_origem_externa":null,"local_origem_externa":null,"user":null,"anexadas":[],"autores":[116]}